{"id":26592,"date":"2026-06-03T08:55:50","date_gmt":"2026-06-03T05:55:50","guid":{"rendered":"https:\/\/birzuausra.lt\/?p=26592"},"modified":"2026-06-03T08:57:39","modified_gmt":"2026-06-03T05:57:39","slug":"birzu-ausros-pagrindines-mokyklos-ketvirtu-klasiu-mokytojos-dalijosi-patirtimi-tarptautineje-digimaths4all-konferencijoje","status":"publish","type":"post","link":"https:\/\/birzuausra.lt\/index.php\/2026\/06\/03\/birzu-ausros-pagrindines-mokyklos-ketvirtu-klasiu-mokytojos-dalijosi-patirtimi-tarptautineje-digimaths4all-konferencijoje\/","title":{"rendered":"Bir\u017e\u0173 \u201eAu\u0161ros\u201c pagrindin\u0117s mokyklos ketvirt\u0173 klasi\u0173 mokytojos dalijosi patirtimi tarptautin\u0117je \u201eDigiMaths4All\u201c konferencijoje"},"content":{"rendered":"<p>&nbsp;<\/p>\n<p>2026 m. gegu\u017e\u0117s 28\u201329 d. Vilniaus universiteto ma\u017eojoje auloje vyko edukacinio tyrimo \u201eMatematikos problem\u0173 sprendimo taikant technologijomis grind\u017eiam\u0105 mokym\u0105si ir informatin\u012f m\u0105stym\u0105 stiprinimas\u201c (\u201eDigiMaths4All\u201c) konferencija. \u0160is dvi dienas truk\u0119s renginys sub\u016br\u0117 projekte dalyvaujan\u010di\u0173 mokykl\u0173 pradinio ugdymo mokytojus, mokykl\u0173 vadovus bei tyr\u0117jus dalintis sukaupta patirtimi, aptarti rezultatus ir reflektuoti apie technologij\u0173 poky\u010dius matematikos pamokose. \ud83d\udca1<\/p>\n<p>\u0160iame reik\u0161mingame tyrime, kur\u012f reng\u0117 Turku universiteto doktorant\u0117 Marika Parviainen ir prof. dr. Valentina Dagien\u0117, aktyviai dalyvavo ir m\u016bs\u0173 Bir\u017e\u0173 \u201eAu\u0161ros\u201c pagrindin\u0117s mokyklos ketvirtokai. Mokytojos Egl\u0117, Asta ir Birut\u0117 kartu su mokiniais visus mokslo metus pasin\u0117r\u0117 \u012f tyrimo veiklas ir pamokose atliko \u012fvairias inovatyvias matematines u\u017eduotis. Konferencijos metu pedagog\u0117s ne tik pristat\u0117 savo pasiekimus bei pasidalijo patirtimi taikant projekto pasi\u016blytus inovatyvius metodus, bet ir i\u0161klaus\u0117 koleg\u0173 prane\u0161imus, s\u0117m\u0117si vertingos patirties i\u0161 kit\u0173 Lietuvos mokykl\u0173 bei parsive\u017e\u0117 nauj\u0173 id\u0117j\u0173 b\u016bsimoms pamokoms. \ud83e\uddee\u2728<\/p>\n<p>D\u0117kojame projekto organizatoriams u\u017e \u012fkvepian\u010di\u0105 lyderyst\u0119 bei mokyklos vadovams u\u017e palaikym\u0105 ir suteikt\u0105 galimyb\u0119 nuolat tobul\u0117ti bei siekti auk\u0161tesn\u0117s ugdymo kokyb\u0117s! \ud83d\ude4f\ud83c\udf1f<\/p>\n<p>&nbsp;<\/p>\n<div id='gallery-1' class='gallery galleryid-26592 gallery-columns-2 gallery-size-full'><figure class='gallery-item'>\n\t\t\t<div class='gallery-icon portrait'>\n\t\t\t\t<a href='https:\/\/birzuausra.lt\/index.php\/2026\/06\/03\/birzu-ausros-pagrindines-mokyklos-ketvirtu-klasiu-mokytojos-dalijosi-patirtimi-tarptautineje-digimaths4all-konferencijoje\/att-ij7f5khbrx50bvfp8cwigrvcp1rhfmirikacv7adsyi\/'><img width=\"1183\" height=\"2560\" data-src=\"https:\/\/birzuausra.lt\/wp-content\/uploads\/2026\/06\/att.ij7f5kHbRX50bvfp8CwIgRvCp1rHFMIrIkacv7adSYI-scaled.jpg\" class=\"attachment-full size-full lazyload\" alt=\"att.ij7f5kHbRX50bvfp8CwIgRvCp1rHFMIrIkacv7adSYI\" data-srcset=\"https:\/\/birzuausra.lt\/wp-content\/uploads\/2026\/06\/att.ij7f5kHbRX50bvfp8CwIgRvCp1rHFMIrIkacv7adSYI-scaled.jpg 1183w, https:\/\/birzuausra.lt\/wp-content\/uploads\/2026\/06\/att.ij7f5kHbRX50bvfp8CwIgRvCp1rHFMIrIkacv7adSYI-139x300.jpg 139w, https:\/\/birzuausra.lt\/wp-content\/uploads\/2026\/06\/att.ij7f5kHbRX50bvfp8CwIgRvCp1rHFMIrIkacv7adSYI-473x1024.jpg 473w, https:\/\/birzuausra.lt\/wp-content\/uploads\/2026\/06\/att.ij7f5kHbRX50bvfp8CwIgRvCp1rHFMIrIkacv7adSYI-768x1662.jpg 768w, https:\/\/birzuausra.lt\/wp-content\/uploads\/2026\/06\/att.ij7f5kHbRX50bvfp8CwIgRvCp1rHFMIrIkacv7adSYI-710x1536.jpg 710w, https:\/\/birzuausra.lt\/wp-content\/uploads\/2026\/06\/att.ij7f5kHbRX50bvfp8CwIgRvCp1rHFMIrIkacv7adSYI-946x2048.jpg 946w\" data-sizes=\"auto, (max-width: 1183px) 100vw, 1183px\" decoding=\"async\" src=\"data:image\/svg+xml;base64,PHN2ZyB3aWR0aD0iMSIgaGVpZ2h0PSIxIiB4bWxucz0iaHR0cDovL3d3dy53My5vcmcvMjAwMC9zdmciPjwvc3ZnPg==\" style=\"--smush-placeholder-width: 1183px; --smush-placeholder-aspect-ratio: 1183\/2560;\" \/><\/a>\n\t\t\t<\/div><\/figure><figure class='gallery-item'>\n\t\t\t<div class='gallery-icon portrait'>\n\t\t\t\t<a href='https:\/\/birzuausra.lt\/index.php\/2026\/06\/03\/birzu-ausros-pagrindines-mokyklos-ketvirtu-klasiu-mokytojos-dalijosi-patirtimi-tarptautineje-digimaths4all-konferencijoje\/att-zftm3nja8oohtaaiurplq5obf7mh1rpgtsvx888_0um\/'><img width=\"1183\" height=\"2560\" data-src=\"https:\/\/birzuausra.lt\/wp-content\/uploads\/2026\/06\/att.zFTM3Nja8OOhTAAIurPlQ5obf7MH1RPgTsVx888_0UM-scaled.jpg\" class=\"attachment-full size-full lazyload\" alt=\"att.zFTM3Nja8OOhTAAIurPlQ5obf7MH1RPgTsVx888_0UM\" data-srcset=\"https:\/\/birzuausra.lt\/wp-content\/uploads\/2026\/06\/att.zFTM3Nja8OOhTAAIurPlQ5obf7MH1RPgTsVx888_0UM-scaled.jpg 1183w, https:\/\/birzuausra.lt\/wp-content\/uploads\/2026\/06\/att.zFTM3Nja8OOhTAAIurPlQ5obf7MH1RPgTsVx888_0UM-139x300.jpg 139w, https:\/\/birzuausra.lt\/wp-content\/uploads\/2026\/06\/att.zFTM3Nja8OOhTAAIurPlQ5obf7MH1RPgTsVx888_0UM-473x1024.jpg 473w, https:\/\/birzuausra.lt\/wp-content\/uploads\/2026\/06\/att.zFTM3Nja8OOhTAAIurPlQ5obf7MH1RPgTsVx888_0UM-768x1662.jpg 768w, https:\/\/birzuausra.lt\/wp-content\/uploads\/2026\/06\/att.zFTM3Nja8OOhTAAIurPlQ5obf7MH1RPgTsVx888_0UM-710x1536.jpg 710w, https:\/\/birzuausra.lt\/wp-content\/uploads\/2026\/06\/att.zFTM3Nja8OOhTAAIurPlQ5obf7MH1RPgTsVx888_0UM-946x2048.jpg 946w\" data-sizes=\"auto, (max-width: 1183px) 100vw, 1183px\" decoding=\"async\" src=\"data:image\/svg+xml;base64,PHN2ZyB3aWR0aD0iMSIgaGVpZ2h0PSIxIiB4bWxucz0iaHR0cDovL3d3dy53My5vcmcvMjAwMC9zdmciPjwvc3ZnPg==\" style=\"--smush-placeholder-width: 1183px; --smush-placeholder-aspect-ratio: 1183\/2560;\" \/><\/a>\n\t\t\t<\/div><\/figure>\n\t\t<\/div>\n\n<p>&nbsp;<\/p>\n<p>&nbsp;<\/p>\n","protected":false},"excerpt":{"rendered":"<p>&nbsp; 2026 m. gegu\u017e\u0117s 28\u201329 d. Vilniaus universiteto ma\u017eojoje auloje vyko edukacinio tyrimo \u201eMatematikos problem\u0173 sprendimo taikant technologijomis<\/p>\n","protected":false},"author":1,"featured_media":26595,"comment_status":"closed","ping_status":"closed","sticky":false,"template":"","format":"standard","meta":{"footnotes":""},"categories":[6],"tags":[],"class_list":["post-26592","post","type-post","status-publish","format-standard","has-post-thumbnail","hentry","category-naujienos"],"yoast_head":"<!-- This site is optimized with the Yoast SEO plugin v28.3 - https:\/\/yoast.com\/product\/yoast-seo-wordpress\/ -->\n<title>Bir\u017e\u0173 \u201eAu\u0161ros\u201c pagrindin\u0117s mokyklos ketvirt\u0173 klasi\u0173 mokytojos dalijosi patirtimi tarptautin\u0117je \u201eDigiMaths4All\u201c konferencijoje - Bir\u017e\u0173 \u201eAu\u0161ros\u201c pagrindin\u0117 mokykla<\/title>\n<meta name=\"robots\" content=\"index, follow, max-snippet:-1, max-image-preview:large, max-video-preview:-1\" \/>\n<link rel=\"canonical\" href=\"https:\/\/birzuausra.lt\/index.php\/2026\/06\/03\/birzu-ausros-pagrindines-mokyklos-ketvirtu-klasiu-mokytojos-dalijosi-patirtimi-tarptautineje-digimaths4all-konferencijoje\/\" \/>\n<meta property=\"og:locale\" content=\"lt_LT\" \/>\n<meta property=\"og:type\" content=\"article\" \/>\n<meta property=\"og:title\" content=\"Bir\u017e\u0173 \u201eAu\u0161ros\u201c pagrindin\u0117s mokyklos ketvirt\u0173 klasi\u0173 mokytojos dalijosi patirtimi tarptautin\u0117je \u201eDigiMaths4All\u201c konferencijoje - Bir\u017e\u0173 \u201eAu\u0161ros\u201c pagrindin\u0117 mokykla\" \/>\n<meta property=\"og:description\" content=\"&nbsp; 2026 m. gegu\u017e\u0117s 28\u201329 d. Vilniaus universiteto ma\u017eojoje auloje vyko edukacinio tyrimo \u201eMatematikos problem\u0173 sprendimo taikant technologijomis\" \/>\n<meta property=\"og:url\" content=\"https:\/\/birzuausra.lt\/index.php\/2026\/06\/03\/birzu-ausros-pagrindines-mokyklos-ketvirtu-klasiu-mokytojos-dalijosi-patirtimi-tarptautineje-digimaths4all-konferencijoje\/\" \/>\n<meta property=\"og:site_name\" content=\"Bir\u017e\u0173 \u201eAu\u0161ros\u201c pagrindin\u0117 mokykla\" \/>\n<meta property=\"article:publisher\" content=\"https:\/\/lt-lt.facebook.com\/birzuausra\" \/>\n<meta property=\"article:published_time\" content=\"2026-06-03T05:55:50+00:00\" \/>\n<meta property=\"article:modified_time\" content=\"2026-06-03T05:57:39+00:00\" \/>\n<meta property=\"og:image\" content=\"https:\/\/birzuausra.lt\/wp-content\/uploads\/2026\/06\/Digimaths4all-konferencija-v2.png\" \/>\n\t<meta property=\"og:image:width\" content=\"1920\" \/>\n\t<meta property=\"og:image:height\" content=\"1005\" \/>\n\t<meta property=\"og:image:type\" content=\"image\/png\" \/>\n<meta name=\"author\" content=\"ausrietis\" \/>\n<meta name=\"twitter:card\" content=\"summary_large_image\" \/>\n<meta name=\"twitter:label1\" content=\"Written by\" \/>\n\t<meta name=\"twitter:data1\" content=\"ausrietis\" \/>\n\t<meta name=\"twitter:label2\" content=\"Est. reading time\" \/>\n\t<meta name=\"twitter:data2\" content=\"2 minut\u0117s\" \/>\n<script type=\"application\/ld+json\" class=\"yoast-schema-graph\">{\"@context\":\"https:\\\/\\\/schema.org\",\"@graph\":[{\"@type\":\"Article\",\"@id\":\"https:\\\/\\\/birzuausra.lt\\\/index.php\\\/2026\\\/06\\\/03\\\/birzu-ausros-pagrindines-mokyklos-ketvirtu-klasiu-mokytojos-dalijosi-patirtimi-tarptautineje-digimaths4all-konferencijoje\\\/#article\",\"isPartOf\":{\"@id\":\"https:\\\/\\\/birzuausra.lt\\\/index.php\\\/2026\\\/06\\\/03\\\/birzu-ausros-pagrindines-mokyklos-ketvirtu-klasiu-mokytojos-dalijosi-patirtimi-tarptautineje-digimaths4all-konferencijoje\\\/\"},\"author\":{\"name\":\"ausrietis\",\"@id\":\"https:\\\/\\\/birzuausra.lt\\\/#\\\/schema\\\/person\\\/bca12ddc8230e676d8cfc2df59ff8a42\"},\"headline\":\"Bir\u017e\u0173 \u201eAu\u0161ros\u201c pagrindin\u0117s mokyklos ketvirt\u0173 klasi\u0173 mokytojos dalijosi patirtimi tarptautin\u0117je \u201eDigiMaths4All\u201c konferencijoje\",\"datePublished\":\"2026-06-03T05:55:50+00:00\",\"dateModified\":\"2026-06-03T05:57:39+00:00\",\"mainEntityOfPage\":{\"@id\":\"https:\\\/\\\/birzuausra.lt\\\/index.php\\\/2026\\\/06\\\/03\\\/birzu-ausros-pagrindines-mokyklos-ketvirtu-klasiu-mokytojos-dalijosi-patirtimi-tarptautineje-digimaths4all-konferencijoje\\\/\"},\"wordCount\":207,\"publisher\":{\"@id\":\"https:\\\/\\\/birzuausra.lt\\\/#organization\"},\"image\":{\"@id\":\"https:\\\/\\\/birzuausra.lt\\\/index.php\\\/2026\\\/06\\\/03\\\/birzu-ausros-pagrindines-mokyklos-ketvirtu-klasiu-mokytojos-dalijosi-patirtimi-tarptautineje-digimaths4all-konferencijoje\\\/#primaryimage\"},\"thumbnailUrl\":\"https:\\\/\\\/birzuausra.lt\\\/wp-content\\\/uploads\\\/2026\\\/06\\\/Digimaths4all-konferencija-v2.png\",\"articleSection\":[\"Naujienos\"],\"inLanguage\":\"lt-LT\"},{\"@type\":\"WebPage\",\"@id\":\"https:\\\/\\\/birzuausra.lt\\\/index.php\\\/2026\\\/06\\\/03\\\/birzu-ausros-pagrindines-mokyklos-ketvirtu-klasiu-mokytojos-dalijosi-patirtimi-tarptautineje-digimaths4all-konferencijoje\\\/\",\"url\":\"https:\\\/\\\/birzuausra.lt\\\/index.php\\\/2026\\\/06\\\/03\\\/birzu-ausros-pagrindines-mokyklos-ketvirtu-klasiu-mokytojos-dalijosi-patirtimi-tarptautineje-digimaths4all-konferencijoje\\\/\",\"name\":\"Bir\u017e\u0173 \u201eAu\u0161ros\u201c pagrindin\u0117s mokyklos ketvirt\u0173 klasi\u0173 mokytojos dalijosi patirtimi tarptautin\u0117je \u201eDigiMaths4All\u201c konferencijoje - Bir\u017e\u0173 \u201eAu\u0161ros\u201c pagrindin\u0117 mokykla\",\"isPartOf\":{\"@id\":\"https:\\\/\\\/birzuausra.lt\\\/#website\"},\"primaryImageOfPage\":{\"@id\":\"https:\\\/\\\/birzuausra.lt\\\/index.php\\\/2026\\\/06\\\/03\\\/birzu-ausros-pagrindines-mokyklos-ketvirtu-klasiu-mokytojos-dalijosi-patirtimi-tarptautineje-digimaths4all-konferencijoje\\\/#primaryimage\"},\"image\":{\"@id\":\"https:\\\/\\\/birzuausra.lt\\\/index.php\\\/2026\\\/06\\\/03\\\/birzu-ausros-pagrindines-mokyklos-ketvirtu-klasiu-mokytojos-dalijosi-patirtimi-tarptautineje-digimaths4all-konferencijoje\\\/#primaryimage\"},\"thumbnailUrl\":\"https:\\\/\\\/birzuausra.lt\\\/wp-content\\\/uploads\\\/2026\\\/06\\\/Digimaths4all-konferencija-v2.png\",\"datePublished\":\"2026-06-03T05:55:50+00:00\",\"dateModified\":\"2026-06-03T05:57:39+00:00\",\"breadcrumb\":{\"@id\":\"https:\\\/\\\/birzuausra.lt\\\/index.php\\\/2026\\\/06\\\/03\\\/birzu-ausros-pagrindines-mokyklos-ketvirtu-klasiu-mokytojos-dalijosi-patirtimi-tarptautineje-digimaths4all-konferencijoje\\\/#breadcrumb\"},\"inLanguage\":\"lt-LT\",\"potentialAction\":[{\"@type\":\"ReadAction\",\"target\":[\"https:\\\/\\\/birzuausra.lt\\\/index.php\\\/2026\\\/06\\\/03\\\/birzu-ausros-pagrindines-mokyklos-ketvirtu-klasiu-mokytojos-dalijosi-patirtimi-tarptautineje-digimaths4all-konferencijoje\\\/\"]}]},{\"@type\":\"ImageObject\",\"inLanguage\":\"lt-LT\",\"@id\":\"https:\\\/\\\/birzuausra.lt\\\/index.php\\\/2026\\\/06\\\/03\\\/birzu-ausros-pagrindines-mokyklos-ketvirtu-klasiu-mokytojos-dalijosi-patirtimi-tarptautineje-digimaths4all-konferencijoje\\\/#primaryimage\",\"url\":\"https:\\\/\\\/birzuausra.lt\\\/wp-content\\\/uploads\\\/2026\\\/06\\\/Digimaths4all-konferencija-v2.png\",\"contentUrl\":\"https:\\\/\\\/birzuausra.lt\\\/wp-content\\\/uploads\\\/2026\\\/06\\\/Digimaths4all-konferencija-v2.png\",\"width\":1920,\"height\":1005},{\"@type\":\"BreadcrumbList\",\"@id\":\"https:\\\/\\\/birzuausra.lt\\\/index.php\\\/2026\\\/06\\\/03\\\/birzu-ausros-pagrindines-mokyklos-ketvirtu-klasiu-mokytojos-dalijosi-patirtimi-tarptautineje-digimaths4all-konferencijoje\\\/#breadcrumb\",\"itemListElement\":[{\"@type\":\"ListItem\",\"position\":1,\"name\":\"Home\",\"item\":\"https:\\\/\\\/birzuausra.lt\\\/\"},{\"@type\":\"ListItem\",\"position\":2,\"name\":\"Bir\u017e\u0173 \u201eAu\u0161ros\u201c pagrindin\u0117s mokyklos ketvirt\u0173 klasi\u0173 mokytojos dalijosi patirtimi tarptautin\u0117je \u201eDigiMaths4All\u201c konferencijoje\"}]},{\"@type\":\"WebSite\",\"@id\":\"https:\\\/\\\/birzuausra.lt\\\/#website\",\"url\":\"https:\\\/\\\/birzuausra.lt\\\/\",\"name\":\"Bir\u017e\u0173 \u201eAu\u0161ros\u201c pagrindin\u0117 mokykla\",\"description\":\"\",\"publisher\":{\"@id\":\"https:\\\/\\\/birzuausra.lt\\\/#organization\"},\"potentialAction\":[{\"@type\":\"SearchAction\",\"target\":{\"@type\":\"EntryPoint\",\"urlTemplate\":\"https:\\\/\\\/birzuausra.lt\\\/?s={search_term_string}\"},\"query-input\":{\"@type\":\"PropertyValueSpecification\",\"valueRequired\":true,\"valueName\":\"search_term_string\"}}],\"inLanguage\":\"lt-LT\"},{\"@type\":\"Organization\",\"@id\":\"https:\\\/\\\/birzuausra.lt\\\/#organization\",\"name\":\"Bir\u017e\u0173 \\\"Au\u0161ros\\\" pagrindin\u0117 mokykla\",\"url\":\"https:\\\/\\\/birzuausra.lt\\\/\",\"logo\":{\"@type\":\"ImageObject\",\"inLanguage\":\"lt-LT\",\"@id\":\"https:\\\/\\\/birzuausra.lt\\\/#\\\/schema\\\/logo\\\/image\\\/\",\"url\":\"https:\\\/\\\/birzuausra.lt\\\/wp-content\\\/uploads\\\/2019\\\/12\\\/veliava_tais_rem-e1578058666964.jpg\",\"contentUrl\":\"https:\\\/\\\/birzuausra.lt\\\/wp-content\\\/uploads\\\/2019\\\/12\\\/veliava_tais_rem-e1578058666964.jpg\",\"width\":75,\"height\":75,\"caption\":\"Bir\u017e\u0173 \\\"Au\u0161ros\\\" pagrindin\u0117 mokykla\"},\"image\":{\"@id\":\"https:\\\/\\\/birzuausra.lt\\\/#\\\/schema\\\/logo\\\/image\\\/\"},\"sameAs\":[\"https:\\\/\\\/lt-lt.facebook.com\\\/birzuausra\",\"https:\\\/\\\/www.youtube.com\\\/user\\\/birzuausra47\\\/featured\",\"https:\\\/\\\/lt.wikipedia.org\\\/wiki\\\/Bir\u017e\u0173_Au\u0161ros_pagrindin\u0117_mokykla\"]},{\"@type\":\"Person\",\"@id\":\"https:\\\/\\\/birzuausra.lt\\\/#\\\/schema\\\/person\\\/bca12ddc8230e676d8cfc2df59ff8a42\",\"name\":\"ausrietis\",\"image\":{\"@type\":\"ImageObject\",\"inLanguage\":\"lt-LT\",\"@id\":\"https:\\\/\\\/secure.gravatar.com\\\/avatar\\\/4d7e4421b9f0e73843395a9f9ad6db9c276213576f4161265a9219cc3157ae38?s=96&d=mm&r=g\",\"url\":\"https:\\\/\\\/secure.gravatar.com\\\/avatar\\\/4d7e4421b9f0e73843395a9f9ad6db9c276213576f4161265a9219cc3157ae38?s=96&d=mm&r=g\",\"contentUrl\":\"https:\\\/\\\/secure.gravatar.com\\\/avatar\\\/4d7e4421b9f0e73843395a9f9ad6db9c276213576f4161265a9219cc3157ae38?s=96&d=mm&r=g\",\"caption\":\"ausrietis\"},\"url\":\"https:\\\/\\\/birzuausra.lt\\\/index.php\\\/author\\\/birzuausra_ph4k7le3\\\/\"}]}<\/script>\n<!-- \/ Yoast SEO plugin. -->","yoast_head_json":{"title":"Bir\u017e\u0173 \u201eAu\u0161ros\u201c pagrindin\u0117s mokyklos ketvirt\u0173 klasi\u0173 mokytojos dalijosi patirtimi tarptautin\u0117je \u201eDigiMaths4All\u201c konferencijoje - Bir\u017e\u0173 \u201eAu\u0161ros\u201c pagrindin\u0117 mokykla","robots":{"index":"index","follow":"follow","max-snippet":"max-snippet:-1","max-image-preview":"max-image-preview:large","max-video-preview":"max-video-preview:-1"},"canonical":"https:\/\/birzuausra.lt\/index.php\/2026\/06\/03\/birzu-ausros-pagrindines-mokyklos-ketvirtu-klasiu-mokytojos-dalijosi-patirtimi-tarptautineje-digimaths4all-konferencijoje\/","og_locale":"lt_LT","og_type":"article","og_title":"Bir\u017e\u0173 \u201eAu\u0161ros\u201c pagrindin\u0117s mokyklos ketvirt\u0173 klasi\u0173 mokytojos dalijosi patirtimi tarptautin\u0117je \u201eDigiMaths4All\u201c konferencijoje - Bir\u017e\u0173 \u201eAu\u0161ros\u201c pagrindin\u0117 mokykla","og_description":"&nbsp; 2026 m. gegu\u017e\u0117s 28\u201329 d. Vilniaus universiteto ma\u017eojoje auloje vyko edukacinio tyrimo \u201eMatematikos problem\u0173 sprendimo taikant technologijomis","og_url":"https:\/\/birzuausra.lt\/index.php\/2026\/06\/03\/birzu-ausros-pagrindines-mokyklos-ketvirtu-klasiu-mokytojos-dalijosi-patirtimi-tarptautineje-digimaths4all-konferencijoje\/","og_site_name":"Bir\u017e\u0173 \u201eAu\u0161ros\u201c pagrindin\u0117 mokykla","article_publisher":"https:\/\/lt-lt.facebook.com\/birzuausra","article_published_time":"2026-06-03T05:55:50+00:00","article_modified_time":"2026-06-03T05:57:39+00:00","og_image":[{"width":1920,"height":1005,"url":"https:\/\/birzuausra.lt\/wp-content\/uploads\/2026\/06\/Digimaths4all-konferencija-v2.png","type":"image\/png"}],"author":"ausrietis","twitter_card":"summary_large_image","twitter_misc":{"Written by":"ausrietis","Est. reading time":"2 minut\u0117s"},"schema":{"@context":"https:\/\/schema.org","@graph":[{"@type":"Article","@id":"https:\/\/birzuausra.lt\/index.php\/2026\/06\/03\/birzu-ausros-pagrindines-mokyklos-ketvirtu-klasiu-mokytojos-dalijosi-patirtimi-tarptautineje-digimaths4all-konferencijoje\/#article","isPartOf":{"@id":"https:\/\/birzuausra.lt\/index.php\/2026\/06\/03\/birzu-ausros-pagrindines-mokyklos-ketvirtu-klasiu-mokytojos-dalijosi-patirtimi-tarptautineje-digimaths4all-konferencijoje\/"},"author":{"name":"ausrietis","@id":"https:\/\/birzuausra.lt\/#\/schema\/person\/bca12ddc8230e676d8cfc2df59ff8a42"},"headline":"Bir\u017e\u0173 \u201eAu\u0161ros\u201c pagrindin\u0117s mokyklos ketvirt\u0173 klasi\u0173 mokytojos dalijosi patirtimi tarptautin\u0117je \u201eDigiMaths4All\u201c konferencijoje","datePublished":"2026-06-03T05:55:50+00:00","dateModified":"2026-06-03T05:57:39+00:00","mainEntityOfPage":{"@id":"https:\/\/birzuausra.lt\/index.php\/2026\/06\/03\/birzu-ausros-pagrindines-mokyklos-ketvirtu-klasiu-mokytojos-dalijosi-patirtimi-tarptautineje-digimaths4all-konferencijoje\/"},"wordCount":207,"publisher":{"@id":"https:\/\/birzuausra.lt\/#organization"},"image":{"@id":"https:\/\/birzuausra.lt\/index.php\/2026\/06\/03\/birzu-ausros-pagrindines-mokyklos-ketvirtu-klasiu-mokytojos-dalijosi-patirtimi-tarptautineje-digimaths4all-konferencijoje\/#primaryimage"},"thumbnailUrl":"https:\/\/birzuausra.lt\/wp-content\/uploads\/2026\/06\/Digimaths4all-konferencija-v2.png","articleSection":["Naujienos"],"inLanguage":"lt-LT"},{"@type":"WebPage","@id":"https:\/\/birzuausra.lt\/index.php\/2026\/06\/03\/birzu-ausros-pagrindines-mokyklos-ketvirtu-klasiu-mokytojos-dalijosi-patirtimi-tarptautineje-digimaths4all-konferencijoje\/","url":"https:\/\/birzuausra.lt\/index.php\/2026\/06\/03\/birzu-ausros-pagrindines-mokyklos-ketvirtu-klasiu-mokytojos-dalijosi-patirtimi-tarptautineje-digimaths4all-konferencijoje\/","name":"Bir\u017e\u0173 \u201eAu\u0161ros\u201c pagrindin\u0117s mokyklos ketvirt\u0173 klasi\u0173 mokytojos dalijosi patirtimi tarptautin\u0117je \u201eDigiMaths4All\u201c konferencijoje - Bir\u017e\u0173 \u201eAu\u0161ros\u201c pagrindin\u0117 mokykla","isPartOf":{"@id":"https:\/\/birzuausra.lt\/#website"},"primaryImageOfPage":{"@id":"https:\/\/birzuausra.lt\/index.php\/2026\/06\/03\/birzu-ausros-pagrindines-mokyklos-ketvirtu-klasiu-mokytojos-dalijosi-patirtimi-tarptautineje-digimaths4all-konferencijoje\/#primaryimage"},"image":{"@id":"https:\/\/birzuausra.lt\/index.php\/2026\/06\/03\/birzu-ausros-pagrindines-mokyklos-ketvirtu-klasiu-mokytojos-dalijosi-patirtimi-tarptautineje-digimaths4all-konferencijoje\/#primaryimage"},"thumbnailUrl":"https:\/\/birzuausra.lt\/wp-content\/uploads\/2026\/06\/Digimaths4all-konferencija-v2.png","datePublished":"2026-06-03T05:55:50+00:00","dateModified":"2026-06-03T05:57:39+00:00","breadcrumb":{"@id":"https:\/\/birzuausra.lt\/index.php\/2026\/06\/03\/birzu-ausros-pagrindines-mokyklos-ketvirtu-klasiu-mokytojos-dalijosi-patirtimi-tarptautineje-digimaths4all-konferencijoje\/#breadcrumb"},"inLanguage":"lt-LT","potentialAction":[{"@type":"ReadAction","target":["https:\/\/birzuausra.lt\/index.php\/2026\/06\/03\/birzu-ausros-pagrindines-mokyklos-ketvirtu-klasiu-mokytojos-dalijosi-patirtimi-tarptautineje-digimaths4all-konferencijoje\/"]}]},{"@type":"ImageObject","inLanguage":"lt-LT","@id":"https:\/\/birzuausra.lt\/index.php\/2026\/06\/03\/birzu-ausros-pagrindines-mokyklos-ketvirtu-klasiu-mokytojos-dalijosi-patirtimi-tarptautineje-digimaths4all-konferencijoje\/#primaryimage","url":"https:\/\/birzuausra.lt\/wp-content\/uploads\/2026\/06\/Digimaths4all-konferencija-v2.png","contentUrl":"https:\/\/birzuausra.lt\/wp-content\/uploads\/2026\/06\/Digimaths4all-konferencija-v2.png","width":1920,"height":1005},{"@type":"BreadcrumbList","@id":"https:\/\/birzuausra.lt\/index.php\/2026\/06\/03\/birzu-ausros-pagrindines-mokyklos-ketvirtu-klasiu-mokytojos-dalijosi-patirtimi-tarptautineje-digimaths4all-konferencijoje\/#breadcrumb","itemListElement":[{"@type":"ListItem","position":1,"name":"Home","item":"https:\/\/birzuausra.lt\/"},{"@type":"ListItem","position":2,"name":"Bir\u017e\u0173 \u201eAu\u0161ros\u201c pagrindin\u0117s mokyklos ketvirt\u0173 klasi\u0173 mokytojos dalijosi patirtimi tarptautin\u0117je \u201eDigiMaths4All\u201c konferencijoje"}]},{"@type":"WebSite","@id":"https:\/\/birzuausra.lt\/#website","url":"https:\/\/birzuausra.lt\/","name":"Bir\u017e\u0173 \u201eAu\u0161ros\u201c pagrindin\u0117 mokykla","description":"","publisher":{"@id":"https:\/\/birzuausra.lt\/#organization"},"potentialAction":[{"@type":"SearchAction","target":{"@type":"EntryPoint","urlTemplate":"https:\/\/birzuausra.lt\/?s={search_term_string}"},"query-input":{"@type":"PropertyValueSpecification","valueRequired":true,"valueName":"search_term_string"}}],"inLanguage":"lt-LT"},{"@type":"Organization","@id":"https:\/\/birzuausra.lt\/#organization","name":"Bir\u017e\u0173 \"Au\u0161ros\" pagrindin\u0117 mokykla","url":"https:\/\/birzuausra.lt\/","logo":{"@type":"ImageObject","inLanguage":"lt-LT","@id":"https:\/\/birzuausra.lt\/#\/schema\/logo\/image\/","url":"https:\/\/birzuausra.lt\/wp-content\/uploads\/2019\/12\/veliava_tais_rem-e1578058666964.jpg","contentUrl":"https:\/\/birzuausra.lt\/wp-content\/uploads\/2019\/12\/veliava_tais_rem-e1578058666964.jpg","width":75,"height":75,"caption":"Bir\u017e\u0173 \"Au\u0161ros\" pagrindin\u0117 mokykla"},"image":{"@id":"https:\/\/birzuausra.lt\/#\/schema\/logo\/image\/"},"sameAs":["https:\/\/lt-lt.facebook.com\/birzuausra","https:\/\/www.youtube.com\/user\/birzuausra47\/featured","https:\/\/lt.wikipedia.org\/wiki\/Bir\u017e\u0173_Au\u0161ros_pagrindin\u0117_mokykla"]},{"@type":"Person","@id":"https:\/\/birzuausra.lt\/#\/schema\/person\/bca12ddc8230e676d8cfc2df59ff8a42","name":"ausrietis","image":{"@type":"ImageObject","inLanguage":"lt-LT","@id":"https:\/\/secure.gravatar.com\/avatar\/4d7e4421b9f0e73843395a9f9ad6db9c276213576f4161265a9219cc3157ae38?s=96&d=mm&r=g","url":"https:\/\/secure.gravatar.com\/avatar\/4d7e4421b9f0e73843395a9f9ad6db9c276213576f4161265a9219cc3157ae38?s=96&d=mm&r=g","contentUrl":"https:\/\/secure.gravatar.com\/avatar\/4d7e4421b9f0e73843395a9f9ad6db9c276213576f4161265a9219cc3157ae38?s=96&d=mm&r=g","caption":"ausrietis"},"url":"https:\/\/birzuausra.lt\/index.php\/author\/birzuausra_ph4k7le3\/"}]}},"_links":{"self":[{"href":"https:\/\/birzuausra.lt\/index.php\/wp-json\/wp\/v2\/posts\/26592","targetHints":{"allow":["GET"]}}],"collection":[{"href":"https:\/\/birzuausra.lt\/index.php\/wp-json\/wp\/v2\/posts"}],"about":[{"href":"https:\/\/birzuausra.lt\/index.php\/wp-json\/wp\/v2\/types\/post"}],"author":[{"embeddable":true,"href":"https:\/\/birzuausra.lt\/index.php\/wp-json\/wp\/v2\/users\/1"}],"replies":[{"embeddable":true,"href":"https:\/\/birzuausra.lt\/index.php\/wp-json\/wp\/v2\/comments?post=26592"}],"version-history":[{"count":2,"href":"https:\/\/birzuausra.lt\/index.php\/wp-json\/wp\/v2\/posts\/26592\/revisions"}],"predecessor-version":[{"id":26597,"href":"https:\/\/birzuausra.lt\/index.php\/wp-json\/wp\/v2\/posts\/26592\/revisions\/26597"}],"wp:featuredmedia":[{"embeddable":true,"href":"https:\/\/birzuausra.lt\/index.php\/wp-json\/wp\/v2\/media\/26595"}],"wp:attachment":[{"href":"https:\/\/birzuausra.lt\/index.php\/wp-json\/wp\/v2\/media?parent=26592"}],"wp:term":[{"taxonomy":"category","embeddable":true,"href":"https:\/\/birzuausra.lt\/index.php\/wp-json\/wp\/v2\/categories?post=26592"},{"taxonomy":"post_tag","embeddable":true,"href":"https:\/\/birzuausra.lt\/index.php\/wp-json\/wp\/v2\/tags?post=26592"}],"curies":[{"name":"wp","href":"https:\/\/api.w.org\/{rel}","templated":true}]}}